{"id":1565,"date":"2018-11-08T08:20:59","date_gmt":"2018-11-08T07:20:59","guid":{"rendered":"https:\/\/www.archivsuisse.ch\/?p=1565"},"modified":"2020-06-15T12:14:29","modified_gmt":"2020-06-15T10:14:29","slug":"re-zertifizierung-archivsuisse-ag-in-kehrsatz-qualitaets-und-datenschutzmanagementsystem","status":"publish","type":"post","link":"https:\/\/www.archivsuisse.ch\/index.php\/re-zertifizierung-archivsuisse-ag-in-kehrsatz-qualitaets-und-datenschutzmanagementsystem\/","title":{"rendered":"Re-Zertifizierung archivsuisse AG in Kehrsatz: Qualit\u00e4ts- und Datenschutzmanagementsystem"},"content":{"rendered":"<p>Die archivsuisse AG mit Standort in Kehrsatz wurde am 18.10.2018 f\u00fcr weitere drei Jahre erfolgreich auf Herz und Nieren \u00fcberpr\u00fcft und re-zertifiziert.<\/p>\n<p>Die Re-Zertifizierung umfasst das Qualit\u00e4tsmanagementsystem ISO 9001:2015, das Datenschutzmanagementsystem VDSZ:2014 nach der Schweizerischen Verordnung<br \/>\n\u00fcber die Datenschutzzertifizierungen sowie das DAtenschutzmanagementystem GoodPriv@cy\u00ae:2018. Alle Zertifikate umfassen jeweils das ganze Unternehmen mit all seinen Archivdienstleistungen.<\/p>\n<p>Die fortlaufende Entwicklung und Aufrechterhaltung unserer Managementsystem im Bereich der Qualit\u00e4tssicherung und vor allem der Informationssicherheit und des Datenschutzes sind der archivsuisse AG ein grosses Anliegen.<\/p>\n","protected":false},"excerpt":{"rendered":"<p>Die archivsuisse AG mit Standort in Kehrsatz wurde am 18.10.2018 f\u00fcr weitere drei Jahre erfolgreich auf Herz und Nieren \u00fcberpr\u00fcft<\/p>\n","protected":false},"author":1,"featured_media":0,"comment_status":"closed","ping_status":"closed","sticky":false,"template":"","format":"standard","meta":{"footnotes":""},"categories":[1],"tags":[],"class_list":["post-1565","post","type-post","status-publish","format-standard","hentry","category-allgemein"],"_links":{"self":[{"href":"https:\/\/www.archivsuisse.ch\/index.php\/wp-json\/wp\/v2\/posts\/1565","targetHints":{"allow":["GET"]}}],"collection":[{"href":"https:\/\/www.archivsuisse.ch\/index.php\/wp-json\/wp\/v2\/posts"}],"about":[{"href":"https:\/\/www.archivsuisse.ch\/index.php\/wp-json\/wp\/v2\/types\/post"}],"author":[{"embeddable":true,"href":"https:\/\/www.archivsuisse.ch\/index.php\/wp-json\/wp\/v2\/users\/1"}],"replies":[{"embeddable":true,"href":"https:\/\/www.archivsuisse.ch\/index.php\/wp-json\/wp\/v2\/comments?post=1565"}],"version-history":[{"count":1,"href":"https:\/\/www.archivsuisse.ch\/index.php\/wp-json\/wp\/v2\/posts\/1565\/revisions"}],"predecessor-version":[{"id":1566,"href":"https:\/\/www.archivsuisse.ch\/index.php\/wp-json\/wp\/v2\/posts\/1565\/revisions\/1566"}],"wp:attachment":[{"href":"https:\/\/www.archivsuisse.ch\/index.php\/wp-json\/wp\/v2\/media?parent=1565"}],"wp:term":[{"taxonomy":"category","embeddable":true,"href":"https:\/\/www.archivsuisse.ch\/index.php\/wp-json\/wp\/v2\/categories?post=1565"},{"taxonomy":"post_tag","embeddable":true,"href":"https:\/\/www.archivsuisse.ch\/index.php\/wp-json\/wp\/v2\/tags?post=1565"}],"curies":[{"name":"wp","href":"https:\/\/api.w.org\/{rel}","templated":true}]}}