{"id":1240,"date":"2017-07-10T08:52:14","date_gmt":"2017-07-10T06:52:14","guid":{"rendered":"http:\/\/www.archivsuisse.ch\/?p=1240"},"modified":"2017-07-10T09:00:43","modified_gmt":"2017-07-10T07:00:43","slug":"herausforderungen-der-digitalisierung-und-der-digitalen-langzeitarchivierung","status":"publish","type":"post","link":"https:\/\/www.archivsuisse.ch\/index.php\/herausforderungen-der-digitalisierung-und-der-digitalen-langzeitarchivierung\/","title":{"rendered":"Herausforderungen der Digitalisierung und der digitalen Langzeitarchivierung"},"content":{"rendered":"<p>Am diesj\u00e4hrigen Kongress des Schweizerischen Anwaltsverbandes im Kongresszentrum Luzern hat archivsuisse in Zusammenarbeit mit Frau Maria Winkler von der IT &amp; Law Consulting GmbH und Herrn J\u00fcrg Hubacher von JHC - J\u00fcrg Hubacher Consulting Herausforderungen und L\u00f6sungsans\u00e4tze f\u00fcr die Digitalisierung (rechtskonformes Scanning) und die digitale Langzeitarchivierung pr\u00e4sentiert.<\/p>\n<p>[wpdm_package id='1250']<\/p>\n","protected":false},"excerpt":{"rendered":"<p>Am diesj\u00e4hrigen Kongress des Schweizerischen Anwaltsverbandes im Kongresszentrum Luzern hat archivsuisse in Zusammenarbeit mit Frau Maria Winkler von der IT<\/p>\n","protected":false},"author":1,"featured_media":0,"comment_status":"closed","ping_status":"closed","sticky":false,"template":"","format":"standard","meta":{"footnotes":""},"categories":[1],"tags":[],"class_list":["post-1240","post","type-post","status-publish","format-standard","hentry","category-allgemein"],"_links":{"self":[{"href":"https:\/\/www.archivsuisse.ch\/index.php\/wp-json\/wp\/v2\/posts\/1240","targetHints":{"allow":["GET"]}}],"collection":[{"href":"https:\/\/www.archivsuisse.ch\/index.php\/wp-json\/wp\/v2\/posts"}],"about":[{"href":"https:\/\/www.archivsuisse.ch\/index.php\/wp-json\/wp\/v2\/types\/post"}],"author":[{"embeddable":true,"href":"https:\/\/www.archivsuisse.ch\/index.php\/wp-json\/wp\/v2\/users\/1"}],"replies":[{"embeddable":true,"href":"https:\/\/www.archivsuisse.ch\/index.php\/wp-json\/wp\/v2\/comments?post=1240"}],"version-history":[{"count":6,"href":"https:\/\/www.archivsuisse.ch\/index.php\/wp-json\/wp\/v2\/posts\/1240\/revisions"}],"predecessor-version":[{"id":1252,"href":"https:\/\/www.archivsuisse.ch\/index.php\/wp-json\/wp\/v2\/posts\/1240\/revisions\/1252"}],"wp:attachment":[{"href":"https:\/\/www.archivsuisse.ch\/index.php\/wp-json\/wp\/v2\/media?parent=1240"}],"wp:term":[{"taxonomy":"category","embeddable":true,"href":"https:\/\/www.archivsuisse.ch\/index.php\/wp-json\/wp\/v2\/categories?post=1240"},{"taxonomy":"post_tag","embeddable":true,"href":"https:\/\/www.archivsuisse.ch\/index.php\/wp-json\/wp\/v2\/tags?post=1240"}],"curies":[{"name":"wp","href":"https:\/\/api.w.org\/{rel}","templated":true}]}}