{"id":1041,"date":"2016-08-18T12:19:57","date_gmt":"2016-08-18T10:19:57","guid":{"rendered":"http:\/\/www.archivsuisse.ch\/?p=1041"},"modified":"2016-08-18T13:16:32","modified_gmt":"2016-08-18T11:16:32","slug":"zuercher-oberlaender","status":"publish","type":"post","link":"https:\/\/www.archivsuisse.ch\/index.php\/zuercher-oberlaender\/","title":{"rendered":"Archivsuisse im \u00abZ\u00fcrcher Oberl\u00e4nder\u00bb"},"content":{"rendered":"<p>Sicherheit im Archiv: Dieses Thema griff der <a href=\"http:\/\/www.zueriost.ch\" target=\"_blank\">\u00abZ\u00fcrcher Oberl\u00e4nder\u00bb<\/a> in seiner Ausgabe vom 28. Juli 2016 auf. Er stellt in einer Reportage den Standort in Uster von Archivsuisse vor. Im Mittelpunkt des Berichts stehen die Massnahmen, um die h\u00f6chsten Sicherheitsstandards f\u00fcr sensible Dokumente zu gew\u00e4hrleisten. Dazu geh\u00f6ren nicht nur aktive Sicherheitsmassnahmen wie die Zutrittskontrolle zum Archivraum, Hochwasser- und Brandschutz sowie die \u00dcberwachung des Raumklimas. Ebenso wichtig sind auch passive Sicherheitsmassnahmen wie ein von Natur aus konstantes Raumklima, das auch ohne Klimaanlage stabil bleibt, oder die Archivierung in anonym-neutralen Boxen, die einem potenziellen Eindringling das Auffinden bestimmter Dokumente verunm\u00f6glicht.<\/p>\n<p>Archivsuisse garantiert h\u00f6chste Sicherheitsstandards, die auch f\u00fcr vertrauliche Dokumente optimalen Schutz gew\u00e4hrleisten.<\/p>\n<p>Lesen Sie die Reportage im \u00abZ\u00fcrcher Oberl\u00e4nder\u00bb\/\u00abAnzeiger von Uster\u00bb: <a href=\"http:\/\/www.archivsuisse.ch\/archivsuisse-wp\/wp-content\/uploads\/2016\/08\/zol_13_2016-07-28.pdf\" target=\"_blank\">PDF<\/a><\/p>\n","protected":false},"excerpt":{"rendered":"<p>Sicherheit im Archiv: Dieses Thema griff der \u00abZ\u00fcrcher Oberl\u00e4nder\u00bb in seiner Ausgabe vom 28. Juli 2016 auf. Er stellt in<\/p>\n","protected":false},"author":1,"featured_media":0,"comment_status":"closed","ping_status":"open","sticky":false,"template":"","format":"standard","meta":{"footnotes":""},"categories":[1],"tags":[],"class_list":["post-1041","post","type-post","status-publish","format-standard","hentry","category-allgemein"],"_links":{"self":[{"href":"https:\/\/www.archivsuisse.ch\/index.php\/wp-json\/wp\/v2\/posts\/1041","targetHints":{"allow":["GET"]}}],"collection":[{"href":"https:\/\/www.archivsuisse.ch\/index.php\/wp-json\/wp\/v2\/posts"}],"about":[{"href":"https:\/\/www.archivsuisse.ch\/index.php\/wp-json\/wp\/v2\/types\/post"}],"author":[{"embeddable":true,"href":"https:\/\/www.archivsuisse.ch\/index.php\/wp-json\/wp\/v2\/users\/1"}],"replies":[{"embeddable":true,"href":"https:\/\/www.archivsuisse.ch\/index.php\/wp-json\/wp\/v2\/comments?post=1041"}],"version-history":[{"count":8,"href":"https:\/\/www.archivsuisse.ch\/index.php\/wp-json\/wp\/v2\/posts\/1041\/revisions"}],"predecessor-version":[{"id":1053,"href":"https:\/\/www.archivsuisse.ch\/index.php\/wp-json\/wp\/v2\/posts\/1041\/revisions\/1053"}],"wp:attachment":[{"href":"https:\/\/www.archivsuisse.ch\/index.php\/wp-json\/wp\/v2\/media?parent=1041"}],"wp:term":[{"taxonomy":"category","embeddable":true,"href":"https:\/\/www.archivsuisse.ch\/index.php\/wp-json\/wp\/v2\/categories?post=1041"},{"taxonomy":"post_tag","embeddable":true,"href":"https:\/\/www.archivsuisse.ch\/index.php\/wp-json\/wp\/v2\/tags?post=1041"}],"curies":[{"name":"wp","href":"https:\/\/api.w.org\/{rel}","templated":true}]}}